{"id":518,"date":"2022-06-22T15:23:04","date_gmt":"2022-06-22T15:23:04","guid":{"rendered":"https:\/\/toniasensio.es\/?p=518"},"modified":"2022-06-22T15:49:19","modified_gmt":"2022-06-22T15:49:19","slug":"escultura-dique-seco","status":"publish","type":"post","link":"https:\/\/toniasensio.es\/index.php\/2022\/06\/22\/escultura-dique-seco\/","title":{"rendered":"Escultura Dique Seco"},"content":{"rendered":"\t\t<div data-elementor-type=\"wp-post\" data-elementor-id=\"518\" class=\"elementor elementor-518\">\n\t\t\t\t\t\t\t\t\t<section class=\"elementor-section elementor-top-section elementor-element elementor-element-0dc3c35 elementor-section-boxed elementor-section-height-default elementor-section-height-default\" data-id=\"0dc3c35\" data-element_type=\"section\">\n\t\t\t\t\t\t<div class=\"elementor-container elementor-column-gap-default\">\n\t\t\t\t\t<div class=\"elementor-column elementor-col-100 elementor-top-column elementor-element elementor-element-ca5966e\" data-id=\"ca5966e\" data-element_type=\"column\">\n\t\t\t<div class=\"elementor-widget-wrap elementor-element-populated\">\n\t\t\t\t\t\t\t\t<div class=\"elementor-element elementor-element-6d7ede1 elementor-widget elementor-widget-text-editor\" data-id=\"6d7ede1\" data-element_type=\"widget\" data-widget_type=\"text-editor.default\">\n\t\t\t\t<div class=\"elementor-widget-container\">\n\t\t\t<style>\/*! elementor - v3.12.2 - 23-04-2023 *\/\n.elementor-widget-text-editor.elementor-drop-cap-view-stacked .elementor-drop-cap{background-color:#69727d;color:#fff}.elementor-widget-text-editor.elementor-drop-cap-view-framed .elementor-drop-cap{color:#69727d;border:3px solid;background-color:transparent}.elementor-widget-text-editor:not(.elementor-drop-cap-view-default) .elementor-drop-cap{margin-top:8px}.elementor-widget-text-editor:not(.elementor-drop-cap-view-default) .elementor-drop-cap-letter{width:1em;height:1em}.elementor-widget-text-editor .elementor-drop-cap{float:left;text-align:center;line-height:1;font-size:50px}.elementor-widget-text-editor .elementor-drop-cap-letter{display:inline-block}<\/style>\t\t\t\t<p>La escultura Dique Seco, fue encargada por el Ayuntamiento de Barcelona el a\u00f1o 1991 en la antesala de los Juegos Ol\u00edmpics de Barcelona. Se trataba de un encargo para cumplir con una premisa creada por el urbanista Oriol Bo\u00efgas que dise\u00f1\u00f3 las l\u00edneas Maestrat del urbanismo de las olimpiadas del 92. Hablamos de la idea de Bo\u00efgas conocida como Monumentalizar las periferias, iniciativa destinada a cohesionar los barrios marginales de Barcelona en un todo compacto como idea de ciudad.<br \/>En este caso, hablamos de los barrios de la Marina de Barcelona, antiguos barrios de la Zona Franca. Dique seco fue la primera escultura de esos barrios, reconocida y registrada en la p\u00e1gina web del Ayuntamiento de dicha ciudad.<\/p><p>El a\u00f1o 1994 tambi\u00e9n recibe el encargo de realizar una escultura y un espect\u00e1culo perform\u00e1tico para celebrar el d\u00e9cimo aniversari del primer centro c\u00edvico de los barrios de la Marina \u00abLa Casa del Rellotge\u00bb, Centro emblem\u00e1ticos cohesionador de dicho territorio. Se trata de \u00e7a escultura \u00abEscorpiano\u00bb y la performance \u00abProceso Evolutivo\u00bb; ambos recog\u00edan la idea de evoluci\u00f3n del ser humano a trav\u00e9s de la cultura y la Formaci\u00f3n, donde las politicas tienen mucho que decir y hacer.<\/p>\t\t\t\t\t\t<\/div>\n\t\t\t\t<\/div>\n\t\t\t\t\t<\/div>\n\t\t<\/div>\n\t\t\t\t\t\t\t<\/div>\n\t\t<\/section>\n\t\t\t\t<section class=\"elementor-section elementor-top-section elementor-element elementor-element-b195114 elementor-section-boxed elementor-section-height-default elementor-section-height-default\" data-id=\"b195114\" data-element_type=\"section\">\n\t\t\t\t\t\t<div class=\"elementor-container elementor-column-gap-default\">\n\t\t\t\t\t<div class=\"elementor-column elementor-col-100 elementor-top-column elementor-element elementor-element-e84516e\" data-id=\"e84516e\" data-element_type=\"column\">\n\t\t\t<div class=\"elementor-widget-wrap elementor-element-populated\">\n\t\t\t\t\t\t\t\t<div class=\"elementor-element elementor-element-a3683e0 elementor-widget elementor-widget-image\" data-id=\"a3683e0\" data-element_type=\"widget\" data-widget_type=\"image.default\">\n\t\t\t\t<div class=\"elementor-widget-container\">\n\t\t\t<style>\/*! elementor - v3.12.2 - 23-04-2023 *\/\n.elementor-widget-image{text-align:center}.elementor-widget-image a{display:inline-block}.elementor-widget-image a img[src$=\".svg\"]{width:48px}.elementor-widget-image img{vertical-align:middle;display:inline-block}<\/style>\t\t\t\t\t\t\t\t\t\t\t\t<img loading=\"lazy\" decoding=\"async\" width=\"960\" height=\"720\" src=\"https:\/\/toniasensio.es\/wp-content\/uploads\/2022\/06\/Diapositiva72.jpg\" class=\"attachment-large size-large wp-image-538\" alt=\"\" srcset=\"https:\/\/toniasensio.es\/wp-content\/uploads\/2022\/06\/Diapositiva72.jpg 960w, https:\/\/toniasensio.es\/wp-content\/uploads\/2022\/06\/Diapositiva72-300x225.jpg 300w, https:\/\/toniasensio.es\/wp-content\/uploads\/2022\/06\/Diapositiva72-768x576.jpg 768w\" sizes=\"auto, (max-width: 960px) 100vw, 960px\" \/>\t\t\t\t\t\t\t\t\t\t\t\t\t\t\t<\/div>\n\t\t\t\t<\/div>\n\t\t\t\t\t<\/div>\n\t\t<\/div>\n\t\t\t\t\t\t\t<\/div>\n\t\t<\/section>\n\t\t\t\t<section class=\"elementor-section elementor-top-section elementor-element elementor-element-1c18e4c elementor-section-boxed elementor-section-height-default elementor-section-height-default\" data-id=\"1c18e4c\" data-element_type=\"section\">\n\t\t\t\t\t\t<div class=\"elementor-container elementor-column-gap-default\">\n\t\t\t\t\t<div class=\"elementor-column elementor-col-50 elementor-top-column elementor-element elementor-element-6dcae9a\" data-id=\"6dcae9a\" data-element_type=\"column\">\n\t\t\t<div class=\"elementor-widget-wrap elementor-element-populated\">\n\t\t\t\t\t\t\t\t<div class=\"elementor-element elementor-element-ac74bb1 elementor-widget elementor-widget-image\" data-id=\"ac74bb1\" data-element_type=\"widget\" data-widget_type=\"image.default\">\n\t\t\t\t<div class=\"elementor-widget-container\">\n\t\t\t\t\t\t\t\t\t\t\t\t\t\t\t<img loading=\"lazy\" decoding=\"async\" width=\"960\" height=\"720\" src=\"https:\/\/toniasensio.es\/wp-content\/uploads\/2022\/06\/Diapositiva79.jpg\" class=\"attachment-large size-large wp-image-539\" alt=\"\" srcset=\"https:\/\/toniasensio.es\/wp-content\/uploads\/2022\/06\/Diapositiva79.jpg 960w, https:\/\/toniasensio.es\/wp-content\/uploads\/2022\/06\/Diapositiva79-300x225.jpg 300w, https:\/\/toniasensio.es\/wp-content\/uploads\/2022\/06\/Diapositiva79-768x576.jpg 768w\" sizes=\"auto, (max-width: 960px) 100vw, 960px\" \/>\t\t\t\t\t\t\t\t\t\t\t\t\t\t\t<\/div>\n\t\t\t\t<\/div>\n\t\t\t\t\t<\/div>\n\t\t<\/div>\n\t\t\t\t<div class=\"elementor-column elementor-col-50 elementor-top-column elementor-element elementor-element-5db8225\" data-id=\"5db8225\" data-element_type=\"column\">\n\t\t\t<div class=\"elementor-widget-wrap elementor-element-populated\">\n\t\t\t\t\t\t\t\t<div class=\"elementor-element elementor-element-fe60035 elementor-widget elementor-widget-image\" data-id=\"fe60035\" data-element_type=\"widget\" data-widget_type=\"image.default\">\n\t\t\t\t<div class=\"elementor-widget-container\">\n\t\t\t\t\t\t\t\t\t\t\t\t\t\t\t<img loading=\"lazy\" decoding=\"async\" width=\"960\" height=\"720\" src=\"https:\/\/toniasensio.es\/wp-content\/uploads\/2022\/06\/Diapositiva71.jpg\" class=\"attachment-large size-large wp-image-540\" alt=\"\" srcset=\"https:\/\/toniasensio.es\/wp-content\/uploads\/2022\/06\/Diapositiva71.jpg 960w, https:\/\/toniasensio.es\/wp-content\/uploads\/2022\/06\/Diapositiva71-300x225.jpg 300w, https:\/\/toniasensio.es\/wp-content\/uploads\/2022\/06\/Diapositiva71-768x576.jpg 768w\" sizes=\"auto, (max-width: 960px) 100vw, 960px\" \/>\t\t\t\t\t\t\t\t\t\t\t\t\t\t\t<\/div>\n\t\t\t\t<\/div>\n\t\t\t\t\t<\/div>\n\t\t<\/div>\n\t\t\t\t\t\t\t<\/div>\n\t\t<\/section>\n\t\t\t\t\t\t\t<\/div>\n\t\t","protected":false},"excerpt":{"rendered":"<p>La escultura Dique Seco, fue encargada por el Ayuntamiento de Barcelona el a\u00f1o 1991 en la antesala de los Juegos Ol\u00edmpics de Barcelona. Se trataba de un encargo para cumplir con una premisa creada por el urbanista Oriol Bo\u00efgas que dise\u00f1\u00f3 las l\u00edneas Maestrat del urbanismo de las olimpiadas del 92. Hablamos de la idea [&hellip;]<\/p>\n","protected":false},"author":1,"featured_media":534,"comment_status":"open","ping_status":"closed","sticky":false,"template":"","format":"standard","meta":{"_genesis_hide_title":false,"_genesis_hide_breadcrumbs":false,"_genesis_hide_singular_image":false,"_genesis_hide_footer_widgets":false,"_genesis_custom_body_class":"","_genesis_custom_post_class":"","_genesis_layout":"","footnotes":""},"categories":[29,30],"tags":[],"class_list":["post-518","post","type-post","status-publish","format-standard","has-post-thumbnail","category-esculturas","category-espaciospublicos","entry"],"_links":{"self":[{"href":"https:\/\/toniasensio.es\/index.php\/wp-json\/wp\/v2\/posts\/518","targetHints":{"allow":["GET"]}}],"collection":[{"href":"https:\/\/toniasensio.es\/index.php\/wp-json\/wp\/v2\/posts"}],"about":[{"href":"https:\/\/toniasensio.es\/index.php\/wp-json\/wp\/v2\/types\/post"}],"author":[{"embeddable":true,"href":"https:\/\/toniasensio.es\/index.php\/wp-json\/wp\/v2\/users\/1"}],"replies":[{"embeddable":true,"href":"https:\/\/toniasensio.es\/index.php\/wp-json\/wp\/v2\/comments?post=518"}],"version-history":[{"count":6,"href":"https:\/\/toniasensio.es\/index.php\/wp-json\/wp\/v2\/posts\/518\/revisions"}],"predecessor-version":[{"id":543,"href":"https:\/\/toniasensio.es\/index.php\/wp-json\/wp\/v2\/posts\/518\/revisions\/543"}],"wp:featuredmedia":[{"embeddable":true,"href":"https:\/\/toniasensio.es\/index.php\/wp-json\/wp\/v2\/media\/534"}],"wp:attachment":[{"href":"https:\/\/toniasensio.es\/index.php\/wp-json\/wp\/v2\/media?parent=518"}],"wp:term":[{"taxonomy":"category","embeddable":true,"href":"https:\/\/toniasensio.es\/index.php\/wp-json\/wp\/v2\/categories?post=518"},{"taxonomy":"post_tag","embeddable":true,"href":"https:\/\/toniasensio.es\/index.php\/wp-json\/wp\/v2\/tags?post=518"}],"curies":[{"name":"wp","href":"https:\/\/api.w.org\/{rel}","templated":true}]}}